{"id":10384,"date":"2025-01-04T14:40:23","date_gmt":"2025-01-04T14:40:23","guid":{"rendered":"https:\/\/www.vilaradolca.com\/enodnevni-izlet-v-ocarljivo-dolino-soce\/"},"modified":"2025-11-16T17:12:51","modified_gmt":"2025-11-16T17:12:51","slug":"enodnevni-izlet-v-ocarljivo-dolino-soce","status":"publish","type":"post","link":"https:\/\/www.vilaradolca.com\/sl\/enodnevni-izlet-v-ocarljivo-dolino-soce\/","title":{"rendered":"Enodnevni izlet v o\u010darljivo dolino So\u010de"},"content":{"rendered":"\n<p>Dolina So\u010de je destinacija, ki obiskovalce o\u010dara z bogato zgodovino, dih jemajo\u010dimi slapovi in vznemirljivimi pohodi. \u010ceprav zahteva dalj\u0161o vo\u017enjo iz Radovljice, se pot absolutno spla\u010da. \u010ce ste pripravljeni na celodnevno avanturo, je tukaj predlagan na\u010drt poti, da kar najbolje izkoristite  <\/p>\n\n\n\n<figure class=\"wp-block-image aligncenter size-large\"><img fetchpriority=\"high\" decoding=\"async\" width=\"1024\" height=\"685\" src=\"https:\/\/www.vilaradolca.com\/wp-content\/uploads\/2025\/01\/F009928-matjaz_jug_soca_outdoor_festival_sotocje_tolminke_in_soce-photo-m-1024x685.jpg\" alt=\"\" class=\"wp-image-10376\" srcset=\"https:\/\/www.vilaradolca.com\/wp-content\/uploads\/2025\/01\/F009928-matjaz_jug_soca_outdoor_festival_sotocje_tolminke_in_soce-photo-m-1024x685.jpg 1024w, https:\/\/www.vilaradolca.com\/wp-content\/uploads\/2025\/01\/F009928-matjaz_jug_soca_outdoor_festival_sotocje_tolminke_in_soce-photo-m-300x201.jpg 300w, https:\/\/www.vilaradolca.com\/wp-content\/uploads\/2025\/01\/F009928-matjaz_jug_soca_outdoor_festival_sotocje_tolminke_in_soce-photo-m-768x513.jpg 768w, https:\/\/www.vilaradolca.com\/wp-content\/uploads\/2025\/01\/F009928-matjaz_jug_soca_outdoor_festival_sotocje_tolminke_in_soce-photo-m-1536x1027.jpg 1536w, https:\/\/www.vilaradolca.com\/wp-content\/uploads\/2025\/01\/F009928-matjaz_jug_soca_outdoor_festival_sotocje_tolminke_in_soce-photo-m.jpg 2000w\" sizes=\"(max-width: 1024px) 100vw, 1024px\" \/><\/figure>\n\n\n\n<p>Slika 1: Reka So\u010da<\/p>\n\n\n\n<p><strong>Pot do Poso\u010dja<\/strong><\/p>\n\n\n\n<p>Za\u010dnite svojo pot zgodaj zjutraj z <strong>avtovlakom iz Bohinjske Bistrice v Podbrdo<\/strong>, kar je avantura sama po sebi. Ta slikovita pot ponuja edinstven na\u010din za u\u010dinkovito pre\u010dkanje razgibanega terena. <\/p>\n\n\n\n<figure class=\"wp-block-image aligncenter size-large is-resized\"><img decoding=\"async\" width=\"848\" height=\"1024\" src=\"https:\/\/www.vilaradolca.com\/wp-content\/uploads\/2025\/01\/F010418-tolmin_gorge_in_slovenia_with_andrea_by_michael_matti-photo-m-1-848x1024.jpg\" alt=\"\" class=\"wp-image-10359\" style=\"width:626px;height:auto\" srcset=\"https:\/\/www.vilaradolca.com\/wp-content\/uploads\/2025\/01\/F010418-tolmin_gorge_in_slovenia_with_andrea_by_michael_matti-photo-m-1-848x1024.jpg 848w, https:\/\/www.vilaradolca.com\/wp-content\/uploads\/2025\/01\/F010418-tolmin_gorge_in_slovenia_with_andrea_by_michael_matti-photo-m-1-248x300.jpg 248w, https:\/\/www.vilaradolca.com\/wp-content\/uploads\/2025\/01\/F010418-tolmin_gorge_in_slovenia_with_andrea_by_michael_matti-photo-m-1-768x927.jpg 768w, https:\/\/www.vilaradolca.com\/wp-content\/uploads\/2025\/01\/F010418-tolmin_gorge_in_slovenia_with_andrea_by_michael_matti-photo-m-1-1272x1536.jpg 1272w, https:\/\/www.vilaradolca.com\/wp-content\/uploads\/2025\/01\/F010418-tolmin_gorge_in_slovenia_with_andrea_by_michael_matti-photo-m-1-1696x2048.jpg 1696w, https:\/\/www.vilaradolca.com\/wp-content\/uploads\/2025\/01\/F010418-tolmin_gorge_in_slovenia_with_andrea_by_michael_matti-photo-m-1.jpg 2000w\" sizes=\"(max-width: 848px) 100vw, 848px\" \/><\/figure>\n\n\n\n<p>Slika 2: Tolminska korita<\/p>\n\n\n\n<p><\/p>\n\n\n\n<p>Za\u010dnite raziskovanje na <strong>Mostu na So\u010di<\/strong>, slikovitem mestu, znanem po smaragdnem jezeru in mirni okolici. Od tam se odpravite v <strong>Tolminska korita<\/strong>, kjer strme pe\u010dine in kristalno \u010dista voda ustvarjajo dramati\u010dno naravno \u010dudo. <\/p>\n\n\n\n<p><\/p>\n\n\n\n<figure class=\"wp-block-image size-large\"><img decoding=\"async\" width=\"1024\" height=\"682\" src=\"https:\/\/www.vilaradolca.com\/wp-content\/uploads\/2025\/01\/F001272-e24_70_izhod_iz_velikih_korit_soce_orig_jpg-photo-m-1-1024x682.jpg\" alt=\"\" class=\"wp-image-10378\" srcset=\"https:\/\/www.vilaradolca.com\/wp-content\/uploads\/2025\/01\/F001272-e24_70_izhod_iz_velikih_korit_soce_orig_jpg-photo-m-1-1024x682.jpg 1024w, https:\/\/www.vilaradolca.com\/wp-content\/uploads\/2025\/01\/F001272-e24_70_izhod_iz_velikih_korit_soce_orig_jpg-photo-m-1-300x200.jpg 300w, https:\/\/www.vilaradolca.com\/wp-content\/uploads\/2025\/01\/F001272-e24_70_izhod_iz_velikih_korit_soce_orig_jpg-photo-m-1-768x512.jpg 768w, https:\/\/www.vilaradolca.com\/wp-content\/uploads\/2025\/01\/F001272-e24_70_izhod_iz_velikih_korit_soce_orig_jpg-photo-m-1-1536x1024.jpg 1536w, https:\/\/www.vilaradolca.com\/wp-content\/uploads\/2025\/01\/F001272-e24_70_izhod_iz_velikih_korit_soce_orig_jpg-photo-m-1.jpg 2000w\" sizes=\"(max-width: 1024px) 100vw, 1024px\" \/><\/figure>\n\n\n\n<p>Slika 3: Reka So\u010da<\/p>\n\n\n\n<p><\/p>\n\n\n\n<p>Nadaljujte do <strong>Kobarid<\/strong>a, mesta prepojenega z zgodovino in naravnimi lepotami. Obi\u0161\u010dite priznani muzej prve svetovne vojne in spoznajte klju\u010dno vlogo obmo\u010dja v zgodovini. Ne zamudite kratkega pohoda do <strong>slapa Kozjak<\/strong>, skritega bisera, skritega v gozdu, ali obiska mirne <strong>reke Nadi\u017ee<\/strong>, kot nala\u0161\u010d za osve\u017eilni oddih.  <\/p>\n\n\n\n<figure class=\"wp-block-image size-large\"><img loading=\"lazy\" decoding=\"async\" width=\"1024\" height=\"684\" src=\"https:\/\/www.vilaradolca.com\/wp-content\/uploads\/2025\/01\/F010490-slap_kozjak_veliki_tomo_jesenicnik_43-photo-m-1-1024x684.jpg\" alt=\"\" class=\"wp-image-10361\" srcset=\"https:\/\/www.vilaradolca.com\/wp-content\/uploads\/2025\/01\/F010490-slap_kozjak_veliki_tomo_jesenicnik_43-photo-m-1-1024x684.jpg 1024w, https:\/\/www.vilaradolca.com\/wp-content\/uploads\/2025\/01\/F010490-slap_kozjak_veliki_tomo_jesenicnik_43-photo-m-1-300x200.jpg 300w, https:\/\/www.vilaradolca.com\/wp-content\/uploads\/2025\/01\/F010490-slap_kozjak_veliki_tomo_jesenicnik_43-photo-m-1-768x513.jpg 768w, https:\/\/www.vilaradolca.com\/wp-content\/uploads\/2025\/01\/F010490-slap_kozjak_veliki_tomo_jesenicnik_43-photo-m-1-1536x1025.jpg 1536w, https:\/\/www.vilaradolca.com\/wp-content\/uploads\/2025\/01\/F010490-slap_kozjak_veliki_tomo_jesenicnik_43-photo-m-1.jpg 2000w\" sizes=\"(max-width: 1024px) 100vw, 1024px\" \/><\/figure>\n\n\n\n<p>Slika 4: Slap Kozjak<\/p>\n\n\n\n<p><\/p>\n\n\n\n<p>Odpravite se v <strong>Bovec<\/strong>, sredi\u0161\u010de ljubiteljev narave, kjer se lahko \u010dudite mogo\u010dnemu <strong>slapu Boka<\/strong> in spokojnemu <strong>slapu Virje<\/strong>. Za tiste, ki i\u0161\u010dete \u0161e ve\u010d naravnih lepot, se podajte v dolino Trente, kjer obi\u0161\u010dete <strong>izvir reke So\u010de<\/strong> in kanjon <strong>Velika korita So\u010de<\/strong>. <\/p>\n\n\n\n<p><\/p>\n\n\n\n<p><\/p>\n\n\n\n<p><strong>Pot nazaj<\/strong><\/p>\n\n\n\n<p>Zaklju\u010dite dan z izbiro dveh osupljivih poti nazaj:<\/p>\n\n\n\n<ul class=\"wp-block-list\">\n<li><strong>Prelaz Vr\u0161i\u010d<\/strong>, najvi\u0161ji slovenski gorski prelaz s panoramskimi razgledi in ve\u010d postanki, vrednimi fotografije.<\/li>\n<\/ul>\n\n\n\n<ul class=\"wp-block-list\">\n<li><strong>Prelaz Predel<\/strong> (IT) s postankom na <strong>Mangartskem sedlu<\/strong>.<\/li>\n<\/ul>\n\n\n\n<p><\/p>\n\n\n\n<figure class=\"wp-block-image aligncenter size-large is-resized\"><img loading=\"lazy\" decoding=\"async\" width=\"819\" height=\"1024\" src=\"https:\/\/www.vilaradolca.com\/wp-content\/uploads\/2025\/01\/F010437-triglav_np_by_jessica_dales-photo-m-819x1024.jpg\" alt=\"\" class=\"wp-image-10363\" style=\"width:613px;height:auto\" srcset=\"https:\/\/www.vilaradolca.com\/wp-content\/uploads\/2025\/01\/F010437-triglav_np_by_jessica_dales-photo-m-819x1024.jpg 819w, https:\/\/www.vilaradolca.com\/wp-content\/uploads\/2025\/01\/F010437-triglav_np_by_jessica_dales-photo-m-240x300.jpg 240w, https:\/\/www.vilaradolca.com\/wp-content\/uploads\/2025\/01\/F010437-triglav_np_by_jessica_dales-photo-m-768x960.jpg 768w, https:\/\/www.vilaradolca.com\/wp-content\/uploads\/2025\/01\/F010437-triglav_np_by_jessica_dales-photo-m-1229x1536.jpg 1229w, https:\/\/www.vilaradolca.com\/wp-content\/uploads\/2025\/01\/F010437-triglav_np_by_jessica_dales-photo-m-1638x2048.jpg 1638w, https:\/\/www.vilaradolca.com\/wp-content\/uploads\/2025\/01\/F010437-triglav_np_by_jessica_dales-photo-m.jpg 2000w\" sizes=\"(max-width: 819px) 100vw, 819px\" \/><\/figure>\n\n\n\n<p>Slika 5: Mangartsko sedlo<\/p>\n\n\n\n<p><\/p>\n\n\n\n<p><\/p>\n\n\n\n<p><strong>Ideje za planinarjenje v Poso\u010dju<\/strong><\/p>\n\n\n\n<p>Za pohodni\u0161ke navdu\u0161ence je v dolini So\u010de nekaj najzanimivej\u0161ih slovenskih poti:<\/p>\n\n\n\n<ul class=\"wp-block-list\">\n<li><strong>Kri\u0161ki podi<\/strong> (iz Zadnjice): \u010cudoviti razgledi za nepozabno pohodni\u0161ko do\u017eivetje.<\/li>\n<\/ul>\n\n\n\n<ul class=\"wp-block-list\">\n<li><strong>Svinjak<\/strong>: Ta vrh, ki ga pogosto imenujejo tudi bov\u0161ki Matterhorn, obljublja neverjetne razglede.<\/li>\n<\/ul>\n\n\n\n<ul class=\"wp-block-list\">\n<li><strong>Rombon<\/strong>: Popoln za izku\u0161ene pohodnike, ki i\u0161\u010dejo izziv.<\/li>\n<\/ul>\n\n\n\n<ul class=\"wp-block-list\">\n<li><strong>Mangartsko sedlo<\/strong>: Lahek pohod, ki obljublja neverjetne razglede<\/li>\n<\/ul>\n\n\n\n<ul class=\"wp-block-list\">\n<li><strong>Mangart<\/strong>: kot nala\u0161\u010d za izku\u0161ene pohodnike, ki i\u0161\u010dejo izziv.<\/li>\n<\/ul>\n\n\n\n<ul class=\"wp-block-list\">\n<li>S prelaza Vr\u0161i\u010d: Podajte se na znamenito <strong>Malo Mojstrovko<\/strong> ali u\u017eivajte v dih jemajo\u010di lepoti <strong>Slemenove \u0161pice<\/strong>.<\/li>\n<\/ul>\n\n\n\n<p><\/p>\n\n\n\n<figure class=\"wp-block-image aligncenter size-large is-resized\"><img loading=\"lazy\" decoding=\"async\" width=\"683\" height=\"1024\" src=\"https:\/\/www.vilaradolca.com\/wp-content\/uploads\/2025\/01\/F000155-ales_fevzer_kayaking_soca_river_kobarid_3844_orig_jpg-photo-m-683x1024.jpg\" alt=\"\" class=\"wp-image-10365\" style=\"width:593px;height:auto\" srcset=\"https:\/\/www.vilaradolca.com\/wp-content\/uploads\/2025\/01\/F000155-ales_fevzer_kayaking_soca_river_kobarid_3844_orig_jpg-photo-m-683x1024.jpg 683w, https:\/\/www.vilaradolca.com\/wp-content\/uploads\/2025\/01\/F000155-ales_fevzer_kayaking_soca_river_kobarid_3844_orig_jpg-photo-m-200x300.jpg 200w, https:\/\/www.vilaradolca.com\/wp-content\/uploads\/2025\/01\/F000155-ales_fevzer_kayaking_soca_river_kobarid_3844_orig_jpg-photo-m-768x1152.jpg 768w, https:\/\/www.vilaradolca.com\/wp-content\/uploads\/2025\/01\/F000155-ales_fevzer_kayaking_soca_river_kobarid_3844_orig_jpg-photo-m-1024x1536.jpg 1024w, https:\/\/www.vilaradolca.com\/wp-content\/uploads\/2025\/01\/F000155-ales_fevzer_kayaking_soca_river_kobarid_3844_orig_jpg-photo-m-1365x2048.jpg 1365w, https:\/\/www.vilaradolca.com\/wp-content\/uploads\/2025\/01\/F000155-ales_fevzer_kayaking_soca_river_kobarid_3844_orig_jpg-photo-m-scaled.jpg 1707w\" sizes=\"(max-width: 683px) 100vw, 683px\" \/><\/figure>\n\n\n\n<p>Slika 6: Kajaka\u0161i na reki So\u010di<\/p>\n\n\n\n<p><\/p>\n\n\n\n<p><\/p>\n\n\n\n<p><\/p>\n\n\n\n<p>Dolina So\u010de zdru\u017euje naravni sijaj z bogato zgodovino, zaradi \u010desar je nepogre\u0161ljiva destinacija med bivanjem v Radovljici. \u010ceprav bo vo\u017enja morda dolga, boste zaradi dih jemajo\u010dih razgledov, vznemirljivih dejavnosti in nepozabnih izku\u0161enj ob\u010dutili, da je bilo ve\u010d kot vredno truda. <\/p>\n\n\n\n<p><\/p>\n\n\n\n<p>Preverite ponudbo organiziranih in vodenih aktivnosti v dolini So\u010de, pri <a href=\"https:\/\/penzionhosnar.com\/activities\/?_gl=1*rdop6r*_up*MQ..*_ga*MTEwNzkwMDA1Ny4xNzYzMzEyODYw*_ga_3RW6WK4T08*czE3NjMzMTI4NTkkbzEkZzAkdDE3NjMzMTI4NTkkajYwJGwwJGgxMjIyMDIzNDkx\"><strong>Penzionu Hosnar, Bovec<\/strong>.<\/a><\/p>\n\n\n\n<p><\/p>\n","protected":false},"excerpt":{"rendered":"<p>Razi\u0161\u010dite o\u010darljivo slovensko dolino So\u010de na enodnevnem izletu iz Radovljice. <\/p>\n","protected":false},"author":10,"featured_media":10368,"comment_status":"closed","ping_status":"closed","sticky":false,"template":"","format":"standard","meta":{"footnotes":""},"categories":[89],"tags":[],"class_list":["post-10384","post","type-post","status-publish","format-standard","has-post-thumbnail","hentry","category-uncategorized-sl-2"],"yoast_head":"<!-- This site is optimized with the Yoast SEO plugin v26.9 - https:\/\/yoast.com\/product\/yoast-seo-wordpress\/ -->\n<title>Enodnevni izlet v o\u010darljivo dolino So\u010de - Vila Radolca<\/title>\n<meta name=\"description\" content=\"Razi\u0161\u010dite o\u010darljivo slovensko dolino So\u010de na enodnevnem izletu iz Radovljice. Odkrijte slapove, zgodovinska mesta in osupljive pohode za nepozabno avanturo.\" \/>\n<meta name=\"robots\" content=\"index, follow, max-snippet:-1, max-image-preview:large, max-video-preview:-1\" \/>\n<link rel=\"canonical\" href=\"https:\/\/www.vilaradolca.com\/sl\/enodnevni-izlet-v-ocarljivo-dolino-soce\/\" \/>\n<meta property=\"og:locale\" content=\"sl_SI\" \/>\n<meta property=\"og:type\" content=\"article\" \/>\n<meta property=\"og:title\" content=\"Enodnevni izlet v o\u010darljivo dolino So\u010de - Vila Radolca\" \/>\n<meta property=\"og:description\" content=\"Razi\u0161\u010dite o\u010darljivo slovensko dolino So\u010de na enodnevnem izletu iz Radovljice. Odkrijte slapove, zgodovinska mesta in osupljive pohode za nepozabno avanturo.\" \/>\n<meta property=\"og:url\" content=\"https:\/\/www.vilaradolca.com\/sl\/enodnevni-izlet-v-ocarljivo-dolino-soce\/\" \/>\n<meta property=\"og:site_name\" content=\"Vila Radolca\" \/>\n<meta property=\"article:author\" content=\"https:\/\/www.facebook.com\/BarbaraBaraOsredkar\" \/>\n<meta property=\"article:published_time\" content=\"2025-01-04T14:40:23+00:00\" \/>\n<meta property=\"article:modified_time\" content=\"2025-11-16T17:12:51+00:00\" \/>\n<meta property=\"og:image\" content=\"https:\/\/www.vilaradolca.com\/wp-content\/uploads\/2025\/01\/F009194-soca_alan_kosmac-photo-m-1-1024x682.jpg\" \/>\n\t<meta property=\"og:image:width\" content=\"1024\" \/>\n\t<meta property=\"og:image:height\" content=\"682\" \/>\n\t<meta property=\"og:image:type\" content=\"image\/jpeg\" \/>\n<meta name=\"author\" content=\"Barbara\" \/>\n<meta name=\"twitter:card\" content=\"summary_large_image\" \/>\n<meta name=\"twitter:label1\" content=\"Written by\" \/>\n\t<meta name=\"twitter:data1\" content=\"Barbara\" \/>\n\t<meta name=\"twitter:label2\" content=\"Est. reading time\" \/>\n\t<meta name=\"twitter:data2\" content=\"4 minute\" \/>\n<script type=\"application\/ld+json\" class=\"yoast-schema-graph\">{\"@context\":\"https:\/\/schema.org\",\"@graph\":[{\"@type\":\"Article\",\"@id\":\"https:\/\/www.vilaradolca.com\/sl\/enodnevni-izlet-v-ocarljivo-dolino-soce\/#article\",\"isPartOf\":{\"@id\":\"https:\/\/www.vilaradolca.com\/sl\/enodnevni-izlet-v-ocarljivo-dolino-soce\/\"},\"author\":{\"name\":\"Barbara\",\"@id\":\"https:\/\/www.vilaradolca.com\/sl\/#\/schema\/person\/fa67ae8c173546e8cc3d0421289e71f2\"},\"headline\":\"Enodnevni izlet v o\u010darljivo dolino So\u010de\",\"datePublished\":\"2025-01-04T14:40:23+00:00\",\"dateModified\":\"2025-11-16T17:12:51+00:00\",\"mainEntityOfPage\":{\"@id\":\"https:\/\/www.vilaradolca.com\/sl\/enodnevni-izlet-v-ocarljivo-dolino-soce\/\"},\"wordCount\":444,\"publisher\":{\"@id\":\"https:\/\/www.vilaradolca.com\/sl\/#organization\"},\"image\":{\"@id\":\"https:\/\/www.vilaradolca.com\/sl\/enodnevni-izlet-v-ocarljivo-dolino-soce\/#primaryimage\"},\"thumbnailUrl\":\"https:\/\/www.vilaradolca.com\/wp-content\/uploads\/2025\/01\/F009194-soca_alan_kosmac-photo-m-1.jpg\",\"articleSection\":[\"Uncategorized\"],\"inLanguage\":\"sl-SI\"},{\"@type\":\"WebPage\",\"@id\":\"https:\/\/www.vilaradolca.com\/sl\/enodnevni-izlet-v-ocarljivo-dolino-soce\/\",\"url\":\"https:\/\/www.vilaradolca.com\/sl\/enodnevni-izlet-v-ocarljivo-dolino-soce\/\",\"name\":\"Enodnevni izlet v o\u010darljivo dolino So\u010de - Vila Radolca\",\"isPartOf\":{\"@id\":\"https:\/\/www.vilaradolca.com\/sl\/#website\"},\"primaryImageOfPage\":{\"@id\":\"https:\/\/www.vilaradolca.com\/sl\/enodnevni-izlet-v-ocarljivo-dolino-soce\/#primaryimage\"},\"image\":{\"@id\":\"https:\/\/www.vilaradolca.com\/sl\/enodnevni-izlet-v-ocarljivo-dolino-soce\/#primaryimage\"},\"thumbnailUrl\":\"https:\/\/www.vilaradolca.com\/wp-content\/uploads\/2025\/01\/F009194-soca_alan_kosmac-photo-m-1.jpg\",\"datePublished\":\"2025-01-04T14:40:23+00:00\",\"dateModified\":\"2025-11-16T17:12:51+00:00\",\"description\":\"Razi\u0161\u010dite o\u010darljivo slovensko dolino So\u010de na enodnevnem izletu iz Radovljice. Odkrijte slapove, zgodovinska mesta in osupljive pohode za nepozabno avanturo.\",\"breadcrumb\":{\"@id\":\"https:\/\/www.vilaradolca.com\/sl\/enodnevni-izlet-v-ocarljivo-dolino-soce\/#breadcrumb\"},\"inLanguage\":\"sl-SI\",\"potentialAction\":[{\"@type\":\"ReadAction\",\"target\":[\"https:\/\/www.vilaradolca.com\/sl\/enodnevni-izlet-v-ocarljivo-dolino-soce\/\"]}]},{\"@type\":\"ImageObject\",\"inLanguage\":\"sl-SI\",\"@id\":\"https:\/\/www.vilaradolca.com\/sl\/enodnevni-izlet-v-ocarljivo-dolino-soce\/#primaryimage\",\"url\":\"https:\/\/www.vilaradolca.com\/wp-content\/uploads\/2025\/01\/F009194-soca_alan_kosmac-photo-m-1.jpg\",\"contentUrl\":\"https:\/\/www.vilaradolca.com\/wp-content\/uploads\/2025\/01\/F009194-soca_alan_kosmac-photo-m-1.jpg\",\"width\":2000,\"height\":1333,\"caption\":\"Soca valley\"},{\"@type\":\"BreadcrumbList\",\"@id\":\"https:\/\/www.vilaradolca.com\/sl\/enodnevni-izlet-v-ocarljivo-dolino-soce\/#breadcrumb\",\"itemListElement\":[{\"@type\":\"ListItem\",\"position\":1,\"name\":\"Home\",\"item\":\"https:\/\/www.vilaradolca.com\/sl\/\"},{\"@type\":\"ListItem\",\"position\":2,\"name\":\"Uncategorized\",\"item\":\"https:\/\/www.vilaradolca.com\/sl\/category\/uncategorized-sl-2\/\"},{\"@type\":\"ListItem\",\"position\":3,\"name\":\"Enodnevni izlet v o\u010darljivo dolino So\u010de\"}]},{\"@type\":\"WebSite\",\"@id\":\"https:\/\/www.vilaradolca.com\/sl\/#website\",\"url\":\"https:\/\/www.vilaradolca.com\/sl\/\",\"name\":\"Vila Radolca\",\"description\":\"Namestitve Vile Radolce\",\"publisher\":{\"@id\":\"https:\/\/www.vilaradolca.com\/sl\/#organization\"},\"potentialAction\":[{\"@type\":\"SearchAction\",\"target\":{\"@type\":\"EntryPoint\",\"urlTemplate\":\"https:\/\/www.vilaradolca.com\/sl\/?s={search_term_string}\"},\"query-input\":{\"@type\":\"PropertyValueSpecification\",\"valueRequired\":true,\"valueName\":\"search_term_string\"}}],\"inLanguage\":\"sl-SI\"},{\"@type\":\"Organization\",\"@id\":\"https:\/\/www.vilaradolca.com\/sl\/#organization\",\"name\":\"Villa Medita\",\"url\":\"https:\/\/www.vilaradolca.com\/sl\/\",\"logo\":{\"@type\":\"ImageObject\",\"inLanguage\":\"sl-SI\",\"@id\":\"https:\/\/www.vilaradolca.com\/sl\/#\/schema\/logo\/image\/\",\"url\":\"https:\/\/www.vilaradolca.com\/wp-content\/uploads\/2023\/01\/accusoft-1.svg\",\"contentUrl\":\"https:\/\/www.vilaradolca.com\/wp-content\/uploads\/2023\/01\/accusoft-1.svg\",\"width\":640,\"height\":512,\"caption\":\"Villa Medita\"},\"image\":{\"@id\":\"https:\/\/www.vilaradolca.com\/sl\/#\/schema\/logo\/image\/\"}},{\"@type\":\"Person\",\"@id\":\"https:\/\/www.vilaradolca.com\/sl\/#\/schema\/person\/fa67ae8c173546e8cc3d0421289e71f2\",\"name\":\"Barbara\",\"image\":{\"@type\":\"ImageObject\",\"inLanguage\":\"sl-SI\",\"@id\":\"https:\/\/www.vilaradolca.com\/sl\/#\/schema\/person\/image\/\",\"url\":\"https:\/\/secure.gravatar.com\/avatar\/8e38a22e1b56740c9fbc83565d7b59430636219c41505aee67b70b572682673f?s=96&d=mm&r=g\",\"contentUrl\":\"https:\/\/secure.gravatar.com\/avatar\/8e38a22e1b56740c9fbc83565d7b59430636219c41505aee67b70b572682673f?s=96&d=mm&r=g\",\"caption\":\"Barbara\"},\"sameAs\":[\"https:\/\/www.facebook.com\/BarbaraBaraOsredkar\"],\"url\":\"https:\/\/www.vilaradolca.com\/sl\/author\/barbara\/\"}]}<\/script>\n<!-- \/ Yoast SEO plugin. -->","yoast_head_json":{"title":"Enodnevni izlet v o\u010darljivo dolino So\u010de - Vila Radolca","description":"Razi\u0161\u010dite o\u010darljivo slovensko dolino So\u010de na enodnevnem izletu iz Radovljice. Odkrijte slapove, zgodovinska mesta in osupljive pohode za nepozabno avanturo.","robots":{"index":"index","follow":"follow","max-snippet":"max-snippet:-1","max-image-preview":"max-image-preview:large","max-video-preview":"max-video-preview:-1"},"canonical":"https:\/\/www.vilaradolca.com\/sl\/enodnevni-izlet-v-ocarljivo-dolino-soce\/","og_locale":"sl_SI","og_type":"article","og_title":"Enodnevni izlet v o\u010darljivo dolino So\u010de - Vila Radolca","og_description":"Razi\u0161\u010dite o\u010darljivo slovensko dolino So\u010de na enodnevnem izletu iz Radovljice. Odkrijte slapove, zgodovinska mesta in osupljive pohode za nepozabno avanturo.","og_url":"https:\/\/www.vilaradolca.com\/sl\/enodnevni-izlet-v-ocarljivo-dolino-soce\/","og_site_name":"Vila Radolca","article_author":"https:\/\/www.facebook.com\/BarbaraBaraOsredkar","article_published_time":"2025-01-04T14:40:23+00:00","article_modified_time":"2025-11-16T17:12:51+00:00","og_image":[{"width":1024,"height":682,"url":"https:\/\/www.vilaradolca.com\/wp-content\/uploads\/2025\/01\/F009194-soca_alan_kosmac-photo-m-1-1024x682.jpg","type":"image\/jpeg"}],"author":"Barbara","twitter_card":"summary_large_image","twitter_misc":{"Written by":"Barbara","Est. reading time":"4 minute"},"schema":{"@context":"https:\/\/schema.org","@graph":[{"@type":"Article","@id":"https:\/\/www.vilaradolca.com\/sl\/enodnevni-izlet-v-ocarljivo-dolino-soce\/#article","isPartOf":{"@id":"https:\/\/www.vilaradolca.com\/sl\/enodnevni-izlet-v-ocarljivo-dolino-soce\/"},"author":{"name":"Barbara","@id":"https:\/\/www.vilaradolca.com\/sl\/#\/schema\/person\/fa67ae8c173546e8cc3d0421289e71f2"},"headline":"Enodnevni izlet v o\u010darljivo dolino So\u010de","datePublished":"2025-01-04T14:40:23+00:00","dateModified":"2025-11-16T17:12:51+00:00","mainEntityOfPage":{"@id":"https:\/\/www.vilaradolca.com\/sl\/enodnevni-izlet-v-ocarljivo-dolino-soce\/"},"wordCount":444,"publisher":{"@id":"https:\/\/www.vilaradolca.com\/sl\/#organization"},"image":{"@id":"https:\/\/www.vilaradolca.com\/sl\/enodnevni-izlet-v-ocarljivo-dolino-soce\/#primaryimage"},"thumbnailUrl":"https:\/\/www.vilaradolca.com\/wp-content\/uploads\/2025\/01\/F009194-soca_alan_kosmac-photo-m-1.jpg","articleSection":["Uncategorized"],"inLanguage":"sl-SI"},{"@type":"WebPage","@id":"https:\/\/www.vilaradolca.com\/sl\/enodnevni-izlet-v-ocarljivo-dolino-soce\/","url":"https:\/\/www.vilaradolca.com\/sl\/enodnevni-izlet-v-ocarljivo-dolino-soce\/","name":"Enodnevni izlet v o\u010darljivo dolino So\u010de - Vila Radolca","isPartOf":{"@id":"https:\/\/www.vilaradolca.com\/sl\/#website"},"primaryImageOfPage":{"@id":"https:\/\/www.vilaradolca.com\/sl\/enodnevni-izlet-v-ocarljivo-dolino-soce\/#primaryimage"},"image":{"@id":"https:\/\/www.vilaradolca.com\/sl\/enodnevni-izlet-v-ocarljivo-dolino-soce\/#primaryimage"},"thumbnailUrl":"https:\/\/www.vilaradolca.com\/wp-content\/uploads\/2025\/01\/F009194-soca_alan_kosmac-photo-m-1.jpg","datePublished":"2025-01-04T14:40:23+00:00","dateModified":"2025-11-16T17:12:51+00:00","description":"Razi\u0161\u010dite o\u010darljivo slovensko dolino So\u010de na enodnevnem izletu iz Radovljice. Odkrijte slapove, zgodovinska mesta in osupljive pohode za nepozabno avanturo.","breadcrumb":{"@id":"https:\/\/www.vilaradolca.com\/sl\/enodnevni-izlet-v-ocarljivo-dolino-soce\/#breadcrumb"},"inLanguage":"sl-SI","potentialAction":[{"@type":"ReadAction","target":["https:\/\/www.vilaradolca.com\/sl\/enodnevni-izlet-v-ocarljivo-dolino-soce\/"]}]},{"@type":"ImageObject","inLanguage":"sl-SI","@id":"https:\/\/www.vilaradolca.com\/sl\/enodnevni-izlet-v-ocarljivo-dolino-soce\/#primaryimage","url":"https:\/\/www.vilaradolca.com\/wp-content\/uploads\/2025\/01\/F009194-soca_alan_kosmac-photo-m-1.jpg","contentUrl":"https:\/\/www.vilaradolca.com\/wp-content\/uploads\/2025\/01\/F009194-soca_alan_kosmac-photo-m-1.jpg","width":2000,"height":1333,"caption":"Soca valley"},{"@type":"BreadcrumbList","@id":"https:\/\/www.vilaradolca.com\/sl\/enodnevni-izlet-v-ocarljivo-dolino-soce\/#breadcrumb","itemListElement":[{"@type":"ListItem","position":1,"name":"Home","item":"https:\/\/www.vilaradolca.com\/sl\/"},{"@type":"ListItem","position":2,"name":"Uncategorized","item":"https:\/\/www.vilaradolca.com\/sl\/category\/uncategorized-sl-2\/"},{"@type":"ListItem","position":3,"name":"Enodnevni izlet v o\u010darljivo dolino So\u010de"}]},{"@type":"WebSite","@id":"https:\/\/www.vilaradolca.com\/sl\/#website","url":"https:\/\/www.vilaradolca.com\/sl\/","name":"Vila Radolca","description":"Namestitve Vile Radolce","publisher":{"@id":"https:\/\/www.vilaradolca.com\/sl\/#organization"},"potentialAction":[{"@type":"SearchAction","target":{"@type":"EntryPoint","urlTemplate":"https:\/\/www.vilaradolca.com\/sl\/?s={search_term_string}"},"query-input":{"@type":"PropertyValueSpecification","valueRequired":true,"valueName":"search_term_string"}}],"inLanguage":"sl-SI"},{"@type":"Organization","@id":"https:\/\/www.vilaradolca.com\/sl\/#organization","name":"Villa Medita","url":"https:\/\/www.vilaradolca.com\/sl\/","logo":{"@type":"ImageObject","inLanguage":"sl-SI","@id":"https:\/\/www.vilaradolca.com\/sl\/#\/schema\/logo\/image\/","url":"https:\/\/www.vilaradolca.com\/wp-content\/uploads\/2023\/01\/accusoft-1.svg","contentUrl":"https:\/\/www.vilaradolca.com\/wp-content\/uploads\/2023\/01\/accusoft-1.svg","width":640,"height":512,"caption":"Villa Medita"},"image":{"@id":"https:\/\/www.vilaradolca.com\/sl\/#\/schema\/logo\/image\/"}},{"@type":"Person","@id":"https:\/\/www.vilaradolca.com\/sl\/#\/schema\/person\/fa67ae8c173546e8cc3d0421289e71f2","name":"Barbara","image":{"@type":"ImageObject","inLanguage":"sl-SI","@id":"https:\/\/www.vilaradolca.com\/sl\/#\/schema\/person\/image\/","url":"https:\/\/secure.gravatar.com\/avatar\/8e38a22e1b56740c9fbc83565d7b59430636219c41505aee67b70b572682673f?s=96&d=mm&r=g","contentUrl":"https:\/\/secure.gravatar.com\/avatar\/8e38a22e1b56740c9fbc83565d7b59430636219c41505aee67b70b572682673f?s=96&d=mm&r=g","caption":"Barbara"},"sameAs":["https:\/\/www.facebook.com\/BarbaraBaraOsredkar"],"url":"https:\/\/www.vilaradolca.com\/sl\/author\/barbara\/"}]}},"_links":{"self":[{"href":"https:\/\/www.vilaradolca.com\/sl\/wp-json\/wp\/v2\/posts\/10384","targetHints":{"allow":["GET"]}}],"collection":[{"href":"https:\/\/www.vilaradolca.com\/sl\/wp-json\/wp\/v2\/posts"}],"about":[{"href":"https:\/\/www.vilaradolca.com\/sl\/wp-json\/wp\/v2\/types\/post"}],"author":[{"embeddable":true,"href":"https:\/\/www.vilaradolca.com\/sl\/wp-json\/wp\/v2\/users\/10"}],"replies":[{"embeddable":true,"href":"https:\/\/www.vilaradolca.com\/sl\/wp-json\/wp\/v2\/comments?post=10384"}],"version-history":[{"count":2,"href":"https:\/\/www.vilaradolca.com\/sl\/wp-json\/wp\/v2\/posts\/10384\/revisions"}],"predecessor-version":[{"id":11032,"href":"https:\/\/www.vilaradolca.com\/sl\/wp-json\/wp\/v2\/posts\/10384\/revisions\/11032"}],"wp:featuredmedia":[{"embeddable":true,"href":"https:\/\/www.vilaradolca.com\/sl\/wp-json\/wp\/v2\/media\/10368"}],"wp:attachment":[{"href":"https:\/\/www.vilaradolca.com\/sl\/wp-json\/wp\/v2\/media?parent=10384"}],"wp:term":[{"taxonomy":"category","embeddable":true,"href":"https:\/\/www.vilaradolca.com\/sl\/wp-json\/wp\/v2\/categories?post=10384"},{"taxonomy":"post_tag","embeddable":true,"href":"https:\/\/www.vilaradolca.com\/sl\/wp-json\/wp\/v2\/tags?post=10384"}],"curies":[{"name":"wp","href":"https:\/\/api.w.org\/{rel}","templated":true}]}}